{"id":399,"date":"2024-07-24T14:00:39","date_gmt":"2024-07-24T12:00:39","guid":{"rendered":"https:\/\/marne-nature.fr\/?p=399"},"modified":"2024-07-24T14:00:39","modified_gmt":"2024-07-24T12:00:39","slug":"stagiaire-guide-nature","status":"publish","type":"post","link":"https:\/\/marne-nature.fr\/?p=399","title":{"rendered":"Stagiaire Guide Nature"},"content":{"rendered":"\n<h2 class=\"wp-block-heading\">Les inscriptions sont ouvertes !!!<\/h2>\n\n\n\n<p>Se renseigner au 0641408802&nbsp;ou \u00e9crire par mail \u00e0 <a href=\"mailto:cane.assos@gmail.com\" target=\"_blank\" rel=\"noreferrer noopener\">cane.assos@gmail.com<\/a><\/p>\n\n\n\n<p><mark style=\"background-color:var(--nv-primary-accent)\" class=\"has-inline-color has-nv-site-bg-color\">Attention seulement&nbsp;15 places&nbsp;possibles<\/mark>; d\u00e9but de la formation d\u00e8s fin septembre 2024.<\/p>\n\n\n\n<h3 class=\"wp-block-heading\">CANE organise&nbsp;7 W-E de formation : GUIDES&nbsp;NATURE<\/h3>\n\n\n\n<p>Vous aimez la Nature et&nbsp;vous souhaiteriez mieux la conna\u00eetre\u2026<\/p>\n\n\n\n<p>L\u2019objectif est de former des guides nature pour permettre aux personnes&nbsp;de tous \u00e2ges et int\u00e9r\u00eats d\u2019acqu\u00e9rir des connaissances naturalistes, techniques, p\u00e9dagogiques et comportementales pour&nbsp;concevoir et organiser des sorties de sensibilisation \u00e0 la nature et \u00e0 l\u2019environnement.<\/p>\n\n\n\n<p>Cette formation n\u2019est certes pas certifi\u00e9e par un dipl\u00f4me reconnu par l\u2019\u00e9tat, mais reste une validation d\u2019une exp\u00e9rience de terrain et d\u2019un bon niveau de connaissances naturalistes. La formation commence en septembre pour finir en fin juin. <br>3 W-E en&nbsp;2024 et&nbsp;4 en&nbsp;2025!<\/p>\n\n\n<div class=\"wp-block-image\">\n<figure class=\"alignright size-full is-resized\"><a href=\"https:\/\/marne-nature.fr\/wp-content\/uploads\/2024\/02\/guide-nature.jpg\"><img loading=\"lazy\" decoding=\"async\" width=\"358\" height=\"216\" src=\"https:\/\/marne-nature.fr\/wp-content\/uploads\/2024\/02\/guide-nature.jpg\" alt=\"\" class=\"wp-image-173\" style=\"width:484px;height:auto\" srcset=\"https:\/\/marne-nature.fr\/wp-content\/uploads\/2024\/02\/guide-nature.jpg 358w, https:\/\/marne-nature.fr\/wp-content\/uploads\/2024\/02\/guide-nature-300x181.jpg 300w\" sizes=\"auto, (max-width: 358px) 100vw, 358px\" \/><\/a><\/figure><\/div>\n\n<div class=\"wp-block-image\">\n<figure class=\"alignleft size-large is-resized\"><img loading=\"lazy\" decoding=\"async\" width=\"1024\" height=\"461\" src=\"https:\/\/marne-nature.fr\/wp-content\/uploads\/2024\/07\/20240525_170942-1024x461.jpg\" alt=\"\" class=\"wp-image-396\" style=\"width:647px;height:auto\" srcset=\"https:\/\/marne-nature.fr\/wp-content\/uploads\/2024\/07\/20240525_170942-1024x461.jpg 1024w, https:\/\/marne-nature.fr\/wp-content\/uploads\/2024\/07\/20240525_170942-300x135.jpg 300w, https:\/\/marne-nature.fr\/wp-content\/uploads\/2024\/07\/20240525_170942-768x346.jpg 768w, https:\/\/marne-nature.fr\/wp-content\/uploads\/2024\/07\/20240525_170942-1536x691.jpg 1536w, https:\/\/marne-nature.fr\/wp-content\/uploads\/2024\/07\/20240525_170942-2048x922.jpg 2048w\" sizes=\"auto, (max-width: 1024px) 100vw, 1024px\" \/><\/figure><\/div>\n\n\n<p><\/p>\n\n\n\n<p>Les futurs guides iront dans les Ardennes, en Haute Marne, dans la Marne et dans l\u2019Aube sur des sites remarquables; ils seront accompagn\u00e9s par nos b\u00e9n\u00e9voles sp\u00e9cialis\u00e9s sur des sujets vari\u00e9s. <strong>Il est possible de r\u00e9server sa place pour la session 2024 -25 ! <\/strong><\/p>\n\n\n\n<p>Le W-E commence le samedi matin et finit le dimanche&nbsp;apr\u00e8s le repas du midi. L\u2019h\u00e9bergement est pr\u00e9vu sur place. Il est&nbsp; \u00e0 la charge du stagiaire, mais est r\u00e9serv\u00e9 \u00e0 l\u2019avance par l\u2019association. Les repas&nbsp; sont pris en charge par les stagiaires eux-m\u00eame -s, selon les modalit\u00e9s d\u00e9crites.<\/p>\n\n\n\n<p>Voir l\u2019organisation propos\u00e9e dans le document d\u2019accompagnement. La formation est pr\u00e9vue pour un groupe de 15 personnes.&nbsp; <br>5 W-E sont obligatoires sur les&nbsp;7 propos\u00e9s pour valider la formation. <br>Selon le nombre de participants, il est possible&nbsp;que des places sur des W-E soient libres et donc&nbsp;puissent \u00eatre&nbsp;ouvertes \u00e0 d\u2019autres personnes int\u00e9ress\u00e9es, mais qui ne d\u00e9sireraient pas faire toute la formation :<br><\/p>\n","protected":false},"excerpt":{"rendered":"<p>Les inscriptions sont ouvertes !!! Se renseigner au 0641408802&nbsp;ou \u00e9crire par mail \u00e0 cane.assos@gmail.com Attention seulement&nbsp;15 places&nbsp;possibles; d\u00e9but de la formation d\u00e8s fin septembre 2024. CANE organise&nbsp;7 W-E de formation&hellip;&nbsp;<a href=\"https:\/\/marne-nature.fr\/?p=399\" rel=\"bookmark\">Lire la suite &raquo;<span class=\"screen-reader-text\">Stagiaire Guide Nature<\/span><\/a><\/p>\n","protected":false},"author":1,"featured_media":0,"comment_status":"closed","ping_status":"open","sticky":false,"template":"","format":"standard","meta":{"neve_meta_sidebar":"","neve_meta_container":"","neve_meta_enable_content_width":"","neve_meta_content_width":0,"neve_meta_title_alignment":"","neve_meta_author_avatar":"","neve_post_elements_order":"","neve_meta_disable_header":"","neve_meta_disable_footer":"","neve_meta_disable_title":"","footnotes":""},"categories":[1],"tags":[],"class_list":["post-399","post","type-post","status-publish","format-standard","hentry","category-blog"],"_links":{"self":[{"href":"https:\/\/marne-nature.fr\/index.php?rest_route=\/wp\/v2\/posts\/399","targetHints":{"allow":["GET"]}}],"collection":[{"href":"https:\/\/marne-nature.fr\/index.php?rest_route=\/wp\/v2\/posts"}],"about":[{"href":"https:\/\/marne-nature.fr\/index.php?rest_route=\/wp\/v2\/types\/post"}],"author":[{"embeddable":true,"href":"https:\/\/marne-nature.fr\/index.php?rest_route=\/wp\/v2\/users\/1"}],"replies":[{"embeddable":true,"href":"https:\/\/marne-nature.fr\/index.php?rest_route=%2Fwp%2Fv2%2Fcomments&post=399"}],"version-history":[{"count":1,"href":"https:\/\/marne-nature.fr\/index.php?rest_route=\/wp\/v2\/posts\/399\/revisions"}],"predecessor-version":[{"id":400,"href":"https:\/\/marne-nature.fr\/index.php?rest_route=\/wp\/v2\/posts\/399\/revisions\/400"}],"wp:attachment":[{"href":"https:\/\/marne-nature.fr\/index.php?rest_route=%2Fwp%2Fv2%2Fmedia&parent=399"}],"wp:term":[{"taxonomy":"category","embeddable":true,"href":"https:\/\/marne-nature.fr\/index.php?rest_route=%2Fwp%2Fv2%2Fcategories&post=399"},{"taxonomy":"post_tag","embeddable":true,"href":"https:\/\/marne-nature.fr\/index.php?rest_route=%2Fwp%2Fv2%2Ftags&post=399"}],"curies":[{"name":"wp","href":"https:\/\/api.w.org\/{rel}","templated":true}]}}